{"id":2813,"date":"2020-09-25T09:25:34","date_gmt":"2020-09-25T09:25:34","guid":{"rendered":"http:\/\/www.flourishmedth.com\/forum\/?p=2813"},"modified":"2020-09-21T12:15:46","modified_gmt":"2020-09-21T12:15:46","slug":"rencontres-citoyennes-fontvieille","status":"publish","type":"post","link":"https:\/\/www.flourishmedth.com\/forum\/2020\/09\/25\/rencontres-citoyennes-fontvieille\/","title":{"rendered":"Rencontres Citoyennes Fontvieille"},"content":{"rendered":"<p> \u00c0 linvitation de lassociation fontvieilloise Rencontres citoyennes ce lundi 13 f\u00e9vrier Herv\u00e9 Ch\u00e9rubini, pr\u00e9sident de la CC VBA a anim\u00e9 une r\u00e9union publique dinformation sur le th\u00e8me La communaut\u00e9 de communes Vall\u00e9e des Baux-Alpilles et vous, lintercommunalit\u00e9 avenir et perspectives. Cette r\u00e9union sest tenue \u00e0 la salle polyvalente Yvonne \u00c9tienne-Moulin en pr\u00e9sence dune quarantaine dhabitants du territoire et dHerv\u00e9 Schiavetti, maire dArles. Un \u00e9change de pr\u00e8s de deux heures o\u00f9 les personnes pr\u00e9sentes ont pu mieux cerner, comprendre le r\u00f4le de l\u00e9tablissement public de coop\u00e9ration intercommunale EPCI de la Communaut\u00e9 de communes Vall\u00e9e des Baux-Alpilles qui regroupe les dix communes : Aureille, Les Baux-de-Provence, Eygali\u00e8res, Fontvieille, Mas-Blanc-des-Alpilles, Maussane-les-Alpilles, Mouri\u00e8s, Le Paradou, Saint-\u00c9tienne-du-Gr\u00e8s et Saint-R\u00e9my-de-Provence. La presse en parle voir La page. Cat\u00e9gories Navigation des articles Pour finaliser son inscription, le dossier dinscription complet, accompagn\u00e9 du paiement de pr\u00e9f\u00e9rence par ch\u00e8que \u00e0 lordre du Tr\u00e9sor public doit \u00eatre retourn\u00e9. Professionnels de la m\u00e9decine, des acteurs publics en collaboration Horaires : du lundi au samedi de 9h30 \u00e0 19h et le dimanche de 10h \u00e0 12h30 de 15h \u00e0 18h <img decoding=\"async\" src=\"http:\/\/statique.lamarseillaise.fr\/media\/k2\/items\/cache\/c3c1c53e45cc52bb4b3b1221b1171818_XL.jpg\" alt=\"rencontres citoyennes fontvieille\" align=\"center\"> Mme M R. Est une \u00e9cologiste convaincue, le soutien de EELV les Verts pour la Allauch le Renouveau men\u00e9e par Lucie Desblancs lenthousiasme. Cest une tr\u00e8s bonne nouvelle pour Allauch nous dit elle. La sauvegarde de notre environnement exceptionnel devient une priorit\u00e9 jamais affich\u00e9e \u00e0 ce jour, cest un changement radical et des perspectives de bien-\u00eatre et de bien vivre \u00e0 Allauch. Pierre ROSSIGNOL, conseiller municipal de la soci\u00e9t\u00e9 civile \u00e0 Saint Cyprien communique : Dans le cadre du Grand D\u00e9bat National, jorganise un caf\u00e9-citoyen ce vendredi 18 janvier \u00e0 17h au caf\u00e9 de lEtoile de Mer, 21 rue Georges Duhamel \u00e0 Saint Cyprien village. Ces rencontres sont ouvertes \u00e0 tous et se d\u00e9rouleront.. <img decoding=\"async\" src=\"http:\/\/www.paysdemirepoix.org\/images\/Image\/enfance_creche.jpg\" alt=\"rencontres citoyennes fontvieille\" align=\"center\"> Le mot de passe est erron\u00e9 pour le compte. Vous pouvez demander le renvoi de votre mot de passe en cliquant. \u05de\u05db\u05dc\u05dc\u05ea \u05d1\u05d9\u05d8\u05d5\u05d9 \u05dc\u05d9\u05de\u05d5\u05d3\u05d9 \u05d0\u05d5\u05de\u05e0\u05d5\u05ea 2020. All Rights Reserved.  <img decoding=\"async\" src=\"http:\/\/www.pgaswedennatinonal.gq\/3597-thickbox_default\/pantalon-push-up-flags-cup.jpg\" alt=\"rencontres citoyennes fontvieille\" align=\"left\"> La Communaut\u00e9 de communes assurera un fonctionnement minimum du service public dans le respect de la r\u00e8glementation en place.  Bettergraph une cougar pour une rencontre divine? cherchez un peu ce nest pas officiellement un site de rencontres: Apr\u00e8s le Val de Vienne, Charade et Magny-Cours, les concurrents des Rencontres Peugeot Sport se retrouvent \u00e0 Dijon-Prenois les 3et 4 sept pour entamer la seconde homme c\u00e9libataire de 70 ans cherche femme pour rencontre Derni\u00e8re mise \u00e0 jour : entre 5 et 10 ans 31102014 \u03c0\u03c1\u03c9\u03c4\u03bf\u03b2\u03ac\u03b8\u03bc\u03b9\u03b1 \u03c6\u03c1\u03bf\u03bd\u03c4\u03af\u03b4\u03b1 \u03c5\u03b3\u03b5\u03af\u03b1\u03c2 \u03c3\u03c4\u03b7\u03bd \u03b5\u03bb\u03bb\u03ac\u03b4\u03b1 \u03ba\u03b1\u03c4\u03ac\u03c3\u03c4\u03b1\u03c3\u03b7 \u03ba\u03b1\u03b9 \u03c0\u03c1\u03bf\u03bf\u03c0\u03c4\u03b9\u03ba\u03ad\u03c2. \u0394\u03b9\u03b5\u03c0\u03b9\u03c3\u03c4\u03b7\u03bc\u03bf\u03bd\u03b9\u03ba\u03ae \u03c6\u03c1\u03bf\u03bd\u03c4\u03af\u03b4\u03b1 \u03c5\u03b3\u03b5\u03af\u03b1\u03c2 \u0399\u03a9\u0391\u039d\u039d\u0399\u039d\u0391 Rendez-vous dans les Maisons de services au public chaque mercredi, \u00e0 Barjols le matin et \u00e0 Rians lapr\u00e8s-midi. Une douzaine de jeunes sest lanc\u00e9 le d\u00e9fi de participer au concours europ\u00e9ens jeunes reporters pour lenvironnement. Ils ont remport\u00e9 le prix de linitiative des jeunes en pr\u00e9sentant un reportage vid\u00e9o quils ont enti\u00e8rement cr\u00e9\u00e9 avec le soutien dune journaliste. Cette vid\u00e9o peut \u00eatre visionn\u00e9e \u00e0 ladresse suivante : Culture, pratiques dactivit\u00e9s artistiques, pratiques culturelles. Inauguration du nouveau si\u00e8ge de la Communaut\u00e9 de communes Apr\u00e8s les succ\u00e8s qui se sont enchain\u00e9s pour les ouvertures de Cannes et Bordeaux, Le Pain Quotidien met en sc\u00e8ne des \u00e9v\u00e8nements pour petits et grands d\u00e8s le 10 septembre \u00e0 Marseille. Vendredi 21 mars 2014 \u00e0 10h, au Dock des Suds, les festivals participant au COFEES concr\u00e9tisent leur engagement par la signature dune charte en pr\u00e9sence des directeurs des festivals initiateurs de la d\u00e9marche : B\u00e9atrice Desgranges Directrice du Festival Marsatac ; Elodie Le Breut Directrice adjointe du Festival Mimi ; Pascale Severac Directrice de Zik Zac Festival, Micha\u00ebl Dian Directeur du Festival de Chaillol ; Marie-Th\u00e9r\u00e8se Hupont Pr\u00e9sidente de lassociation organisatrice du Festival Musiks \u00e0 Manosque ; Fran\u00e7ois Vienne, directeur g\u00e9n\u00e9ral adjoint du Festival dArt Lyrique dAix-en-Provence.<\/p>\n","protected":false},"excerpt":{"rendered":"<p>rencontres citoyennes fontvieille<\/p>\n","protected":false},"author":1,"featured_media":0,"comment_status":"closed","ping_status":"closed","sticky":false,"template":"","format":"standard","meta":{"footnotes":""},"categories":[1],"tags":[],"_links":{"self":[{"href":"https:\/\/www.flourishmedth.com\/forum\/wp-json\/wp\/v2\/posts\/2813"}],"collection":[{"href":"https:\/\/www.flourishmedth.com\/forum\/wp-json\/wp\/v2\/posts"}],"about":[{"href":"https:\/\/www.flourishmedth.com\/forum\/wp-json\/wp\/v2\/types\/post"}],"author":[{"embeddable":true,"href":"https:\/\/www.flourishmedth.com\/forum\/wp-json\/wp\/v2\/users\/1"}],"replies":[{"embeddable":true,"href":"https:\/\/www.flourishmedth.com\/forum\/wp-json\/wp\/v2\/comments?post=2813"}],"version-history":[{"count":1,"href":"https:\/\/www.flourishmedth.com\/forum\/wp-json\/wp\/v2\/posts\/2813\/revisions"}],"predecessor-version":[{"id":2814,"href":"https:\/\/www.flourishmedth.com\/forum\/wp-json\/wp\/v2\/posts\/2813\/revisions\/2814"}],"wp:attachment":[{"href":"https:\/\/www.flourishmedth.com\/forum\/wp-json\/wp\/v2\/media?parent=2813"}],"wp:term":[{"taxonomy":"category","embeddable":true,"href":"https:\/\/www.flourishmedth.com\/forum\/wp-json\/wp\/v2\/categories?post=2813"},{"taxonomy":"post_tag","embeddable":true,"href":"https:\/\/www.flourishmedth.com\/forum\/wp-json\/wp\/v2\/tags?post=2813"}],"curies":[{"name":"wp","href":"https:\/\/api.w.org\/{rel}","templated":true}]}}